{"id":1610,"date":"2025-02-14T15:16:33","date_gmt":"2025-02-14T15:16:33","guid":{"rendered":"https:\/\/hiking4understanding.org\/?p=1610"},"modified":"2025-02-14T15:16:36","modified_gmt":"2025-02-14T15:16:36","slug":"ponovno-povezivanje-s-prirodom","status":"publish","type":"post","link":"https:\/\/hiking4understanding.org\/?p=1610&lang=sr","title":{"rendered":"Ponovno povezivanje s prirodom"},"content":{"rendered":"\n<p class=\"wp-embed-aspect-16-9 wp-has-aspect-ratio\"><strong>Period realizacije:<\/strong><br>01.09.2022 \u2013 30.11.2022<\/p>\n\n\n\n<p><strong>Ukupni maksimalni bud\u017eet projekta:<\/strong><br>30.506,00 \u20ac<\/p>\n\n\n\n<p><strong>Su-finansirano od strane Evropske unije kroz program Erasmus+<\/strong><\/p>\n\n\n\n<p><strong>Referenca projekta:<\/strong><br>2021-1IT03-KA152-YOU-000019433<\/p>\n\n\n\n<p><strong>Vode\u0107i partner:<\/strong><br>Associazione Culturale MARIOLE\u2019, Italija<\/p>\n\n\n\n<p><strong>Projektni partneri:<\/strong><\/p>\n\n\n\n<ul class=\"wp-block-list\">\n<li>Planinarski klub Tara \u2013 Srbija<\/li>\n\n\n\n<li>EuroTeam \u2013 \u010ce\u0161ka<\/li>\n\n\n\n<li>Pro Park \u2013 Rumunija<\/li>\n<\/ul>\n\n\n\n<p><strong>Koordinator projekta:<\/strong><br>Iulita Popa<\/p>\n\n\n\n<p><strong>Vo\u0111a tima:<\/strong><br>Nenad Le\u010di\u0107<\/p>\n\n\n\n<p><strong>U\u010desnici razmene:<\/strong><\/p>\n\n\n\n<ul class=\"wp-block-list\">\n<li>An\u0111elija Stameni\u0107<\/li>\n\n\n\n<li>Andreja Jovanovi\u0107<\/li>\n\n\n\n<li>Ivana Leontijevi\u0107<\/li>\n\n\n\n<li>Ognjen Le\u010di\u0107<\/li>\n\n\n\n<li>Mateja Josipovi\u0107<\/li>\n\n\n\n<li>An\u0111ela Jerini\u0107<\/li>\n\n\n\n<li>Janko Pavlovi\u0107<\/li>\n<\/ul>\n\n\n\n<h3 class=\"wp-block-heading\"><strong>Ciljevi projekta:<\/strong><\/h3>\n\n\n\n<ul class=\"wp-block-list\">\n<li>Promovisati obrazovanje na otvorenom, iskustveno u\u010denje i inkluzivan pristup u radu s mladima, uz minimizaciju negativnih efekata izazvanih pandemijom COVID-19.<\/li>\n\n\n\n<li>Razviti ve\u0161tine za aktivnosti na otvorenom kroz iskustveno obrazovanje, uklju\u010duju\u0107i planiranje aktivnosti, procenu rizika, evaluaciju uticaja na zdravlje i primenu mera bezbednosti.<\/li>\n\n\n\n<li>Analizirati prednosti prakti\u010dnog u\u010denja u prirodi: zdravlje, stil \u017eivota, povezanost s prirodom, za\u0161tita \u017eivotne sredine i usvajanje odr\u017eivih navika.<\/li>\n\n\n\n<li>Pove\u0107ati u\u010de\u0161\u0107e mladih iz partnerskih organizacija kroz aktivnosti na otvorenom organizovane na evropskom i lokalnom nivou.<\/li>\n\n\n\n<li>Oja\u010dati saradnju izme\u0111u partnerskih organizacija u oblasti iskustvenog obrazovanja na otvorenom.<\/li>\n<\/ul>\n\n\n\n<p class=\"wp-embed-aspect-16-9 wp-has-aspect-ratio\"><strong>Video sa omladinske razmene:<\/strong><\/p>\n\n\n\n<figure class=\"wp-block-embed is-type-video is-provider-youtube wp-block-embed-youtube wp-embed-aspect-16-9 wp-has-aspect-ratio\"><div class=\"wp-block-embed__wrapper\">\n<iframe loading=\"lazy\" title=\"Youth exchange &quot;Re-connecting with Nature&quot;\" width=\"1080\" height=\"608\" src=\"https:\/\/www.youtube.com\/embed\/MHOVD0VK7jQ?feature=oembed\"  allow=\"accelerometer; autoplay; clipboard-write; encrypted-media; gyroscope; picture-in-picture; web-share\" referrerpolicy=\"strict-origin-when-cross-origin\" allowfullscreen><\/iframe>\n<\/div><\/figure>\n","protected":false},"excerpt":{"rendered":"<p>Period realizacije:01.09.2022 \u2013 30.11.2022 Ukupni maksimalni bud\u017eet projekta:30.506,00 \u20ac Su-finansirano od strane Evropske unije kroz program Erasmus+ Referenca projekta:2021-1IT03-KA152-YOU-000019433 Vode\u0107i partner:Associazione Culturale MARIOLE\u2019, Italija Projektni partneri: Koordinator projekta:Iulita Popa Vo\u0111a tima:Nenad Le\u010di\u0107 U\u010desnici razmene: Ciljevi projekta: Video sa omladinske razmene:<\/p>\n","protected":false},"author":3,"featured_media":1495,"comment_status":"open","ping_status":"open","sticky":false,"template":"","format":"standard","meta":{"_et_pb_use_builder":"","_et_pb_old_content":"","_et_gb_content_width":"","footnotes":""},"categories":[109],"tags":[],"class_list":["post-1610","post","type-post","status-publish","format-standard","has-post-thumbnail","hentry","category-initiatives-srb"],"_links":{"self":[{"href":"https:\/\/hiking4understanding.org\/index.php?rest_route=\/wp\/v2\/posts\/1610","targetHints":{"allow":["GET"]}}],"collection":[{"href":"https:\/\/hiking4understanding.org\/index.php?rest_route=\/wp\/v2\/posts"}],"about":[{"href":"https:\/\/hiking4understanding.org\/index.php?rest_route=\/wp\/v2\/types\/post"}],"author":[{"embeddable":true,"href":"https:\/\/hiking4understanding.org\/index.php?rest_route=\/wp\/v2\/users\/3"}],"replies":[{"embeddable":true,"href":"https:\/\/hiking4understanding.org\/index.php?rest_route=%2Fwp%2Fv2%2Fcomments&post=1610"}],"version-history":[{"count":2,"href":"https:\/\/hiking4understanding.org\/index.php?rest_route=\/wp\/v2\/posts\/1610\/revisions"}],"predecessor-version":[{"id":1612,"href":"https:\/\/hiking4understanding.org\/index.php?rest_route=\/wp\/v2\/posts\/1610\/revisions\/1612"}],"wp:featuredmedia":[{"embeddable":true,"href":"https:\/\/hiking4understanding.org\/index.php?rest_route=\/wp\/v2\/media\/1495"}],"wp:attachment":[{"href":"https:\/\/hiking4understanding.org\/index.php?rest_route=%2Fwp%2Fv2%2Fmedia&parent=1610"}],"wp:term":[{"taxonomy":"category","embeddable":true,"href":"https:\/\/hiking4understanding.org\/index.php?rest_route=%2Fwp%2Fv2%2Fcategories&post=1610"},{"taxonomy":"post_tag","embeddable":true,"href":"https:\/\/hiking4understanding.org\/index.php?rest_route=%2Fwp%2Fv2%2Ftags&post=1610"}],"curies":[{"name":"wp","href":"https:\/\/api.w.org\/{rel}","templated":true}]}}