{"id":1212,"date":"2025-02-04T17:21:12","date_gmt":"2025-02-04T17:21:12","guid":{"rendered":"https:\/\/hiking4understanding.org\/?p=1212"},"modified":"2025-02-04T17:21:58","modified_gmt":"2025-02-04T17:21:58","slug":"u-srbiji-se-sprovodi-trening-hiking-for-understanding","status":"publish","type":"post","link":"https:\/\/hiking4understanding.org\/?p=1212&lang=sr","title":{"rendered":"U Srbiji se sprovodi trening Hiking for Understanding"},"content":{"rendered":"\n<p>Obuka za izgradnju kapaciteta u okviru projekta \u201eHiking for Understanding \u2013 Osna\u017eivanje me\u0111ugeneracijskog razumevanja kroz edukativne pe\u0161a\u010dke aktivnosti\u201c uspe\u0161no je realizovana na planini Tari kod Bajine Ba\u0161te u Zapadnoj Srbiji od 31. maja do 4. juna 2024. U okviru njega u\u010desnici iz partnerskih zemalja su nau\u010dili kako da efikasno primenimo novorazvijenu #Hiking for Understanding metodologiju kreiranu za kori\u0161\u0107enje pe\u0161a\u010denja kao alata za podsticanje me\u0111ugeneracijskog razumevanja i dijalog, zajedno sa u\u010denjem o zna\u010daju za\u0161tite \u017eivotne sredine i zdravstvenih koristi od pe\u0161a\u010denja kao sporta.<\/p>\n\n\n\n<p>Projekat Hiking for Understanding sufinansira Evropska unija, a sprovodi ga konzorcijum organizacija iz Srbije (Camping Association of Serbia i PSD Stra\u017eilovo), Severne Makedonije (NGO EcoLogic) i Belgije (Connect International) sa ciljem osna\u017eivanja me\u0111ugeneracijske dijalog i razumevanje u Evropi kroz inovativne Hiking for Understanding obrazovne programe planinarenja koji se bave za\u0161titom \u017eivotne sredine i inkluzijom.<\/p>\n\n\n\n<div style=\"height:14px\" aria-hidden=\"true\" class=\"wp-block-spacer\"><\/div>\n\n\n\n<figure class=\"wp-block-gallery has-nested-images columns-4 is-cropped wp-block-gallery-1 is-layout-flex wp-block-gallery-is-layout-flex\">\n<figure class=\"wp-block-image size-large\"><img loading=\"lazy\" decoding=\"async\" width=\"1024\" height=\"592\" data-id=\"606\" src=\"https:\/\/hiking4understanding.org\/wp-content\/uploads\/2024\/11\/448003740_871946844958737_1379026923250248663_n-2-e1720132501681-1245x720-1-1024x592.jpg\" alt=\"\" class=\"wp-image-606\" srcset=\"https:\/\/hiking4understanding.org\/wp-content\/uploads\/2024\/11\/448003740_871946844958737_1379026923250248663_n-2-e1720132501681-1245x720-1-1024x592.jpg 1024w, https:\/\/hiking4understanding.org\/wp-content\/uploads\/2024\/11\/448003740_871946844958737_1379026923250248663_n-2-e1720132501681-1245x720-1-980x567.jpg 980w, https:\/\/hiking4understanding.org\/wp-content\/uploads\/2024\/11\/448003740_871946844958737_1379026923250248663_n-2-e1720132501681-1245x720-1-480x278.jpg 480w\" sizes=\"(min-width: 0px) and (max-width: 480px) 480px, (min-width: 481px) and (max-width: 980px) 980px, (min-width: 981px) 1024px, 100vw\" \/><\/figure>\n\n\n\n<figure class=\"wp-block-image size-large\"><img loading=\"lazy\" decoding=\"async\" width=\"980\" height=\"513\" data-id=\"604\" src=\"https:\/\/hiking4understanding.org\/wp-content\/uploads\/2024\/11\/447955355_871945078292247_6344616144897328304_n-980x513-1.jpg\" alt=\"\" class=\"wp-image-604\" srcset=\"https:\/\/hiking4understanding.org\/wp-content\/uploads\/2024\/11\/447955355_871945078292247_6344616144897328304_n-980x513-1.jpg 980w, https:\/\/hiking4understanding.org\/wp-content\/uploads\/2024\/11\/447955355_871945078292247_6344616144897328304_n-980x513-1-480x251.jpg 480w\" sizes=\"(min-width: 0px) and (max-width: 480px) 480px, (min-width: 481px) 980px, 100vw\" \/><\/figure>\n\n\n\n<figure class=\"wp-block-image size-large\"><img loading=\"lazy\" decoding=\"async\" width=\"980\" height=\"513\" data-id=\"603\" src=\"https:\/\/hiking4understanding.org\/wp-content\/uploads\/2024\/11\/447286455_871945124958909_3850447556899377313_n-980x513-1.jpg\" alt=\"\" class=\"wp-image-603\" srcset=\"https:\/\/hiking4understanding.org\/wp-content\/uploads\/2024\/11\/447286455_871945124958909_3850447556899377313_n-980x513-1.jpg 980w, https:\/\/hiking4understanding.org\/wp-content\/uploads\/2024\/11\/447286455_871945124958909_3850447556899377313_n-980x513-1-480x251.jpg 480w\" sizes=\"(min-width: 0px) and (max-width: 480px) 480px, (min-width: 481px) 980px, 100vw\" \/><\/figure>\n\n\n\n<figure class=\"wp-block-image size-large\"><img loading=\"lazy\" decoding=\"async\" width=\"980\" height=\"513\" data-id=\"607\" src=\"https:\/\/hiking4understanding.org\/wp-content\/uploads\/2024\/11\/444976001_871945108292244_619382071393716926_n-980x513-1.jpg\" alt=\"\" class=\"wp-image-607\" srcset=\"https:\/\/hiking4understanding.org\/wp-content\/uploads\/2024\/11\/444976001_871945108292244_619382071393716926_n-980x513-1.jpg 980w, https:\/\/hiking4understanding.org\/wp-content\/uploads\/2024\/11\/444976001_871945108292244_619382071393716926_n-980x513-1-480x251.jpg 480w\" sizes=\"(min-width: 0px) and (max-width: 480px) 480px, (min-width: 481px) 980px, 100vw\" \/><\/figure>\n<\/figure>\n","protected":false},"excerpt":{"rendered":"<p>Obuka za izgradnju kapaciteta u okviru projekta \u201eHiking for Understanding \u2013 Osna\u017eivanje me\u0111ugeneracijskog razumevanja kroz edukativne pe\u0161a\u010dke aktivnosti\u201c uspe\u0161no je realizovana na planini Tari kod Bajine Ba\u0161te u Zapadnoj Srbiji od 31. maja do 4. juna 2024. U okviru njega u\u010desnici iz partnerskih zemalja su nau\u010dili kako da efikasno primenimo novorazvijenu #Hiking for Understanding metodologiju [&hellip;]<\/p>\n","protected":false},"author":3,"featured_media":605,"comment_status":"open","ping_status":"open","sticky":false,"template":"","format":"standard","meta":{"_et_pb_use_builder":"","_et_pb_old_content":"","_et_gb_content_width":"","footnotes":""},"categories":[51],"tags":[],"class_list":["post-1212","post","type-post","status-publish","format-standard","has-post-thumbnail","hentry","category-news-en-sr"],"_links":{"self":[{"href":"https:\/\/hiking4understanding.org\/index.php?rest_route=\/wp\/v2\/posts\/1212","targetHints":{"allow":["GET"]}}],"collection":[{"href":"https:\/\/hiking4understanding.org\/index.php?rest_route=\/wp\/v2\/posts"}],"about":[{"href":"https:\/\/hiking4understanding.org\/index.php?rest_route=\/wp\/v2\/types\/post"}],"author":[{"embeddable":true,"href":"https:\/\/hiking4understanding.org\/index.php?rest_route=\/wp\/v2\/users\/3"}],"replies":[{"embeddable":true,"href":"https:\/\/hiking4understanding.org\/index.php?rest_route=%2Fwp%2Fv2%2Fcomments&post=1212"}],"version-history":[{"count":1,"href":"https:\/\/hiking4understanding.org\/index.php?rest_route=\/wp\/v2\/posts\/1212\/revisions"}],"predecessor-version":[{"id":1213,"href":"https:\/\/hiking4understanding.org\/index.php?rest_route=\/wp\/v2\/posts\/1212\/revisions\/1213"}],"wp:featuredmedia":[{"embeddable":true,"href":"https:\/\/hiking4understanding.org\/index.php?rest_route=\/wp\/v2\/media\/605"}],"wp:attachment":[{"href":"https:\/\/hiking4understanding.org\/index.php?rest_route=%2Fwp%2Fv2%2Fmedia&parent=1212"}],"wp:term":[{"taxonomy":"category","embeddable":true,"href":"https:\/\/hiking4understanding.org\/index.php?rest_route=%2Fwp%2Fv2%2Fcategories&post=1212"},{"taxonomy":"post_tag","embeddable":true,"href":"https:\/\/hiking4understanding.org\/index.php?rest_route=%2Fwp%2Fv2%2Ftags&post=1212"}],"curies":[{"name":"wp","href":"https:\/\/api.w.org\/{rel}","templated":true}]}}